{"id":199954,"date":"2024-10-14T06:29:48","date_gmt":"2024-10-14T06:29:48","guid":{"rendered":"https:\/\/villatayrona.mx\/?p=199954"},"modified":"2025-10-16T17:16:02","modified_gmt":"2025-10-16T17:16:02","slug":"the-tayrona-story","status":"publish","type":"post","link":"https:\/\/villatayrona.mx\/es\/the-tayrona-story\/","title":{"rendered":"La historia de Tayrona"},"content":{"rendered":"<p><b>INSPIRADO POR TAYRONA<\/b><\/p>\n<p><i><span style=\"font-weight: 400;\">Una nota de tu anfitriona, Elly\u00a0<\/span><\/i><\/p>\n<p><span style=\"font-weight: 400;\">Soy suiza-estadounidense y vivo en Bucer\u00edas desde 2011. Aqu\u00ed he desarrollado mi carrera en el \u00e1mbito del turismo comunitario, trabajando para conectar a los viajeros con los artesanos locales.\u00a0<\/span><\/p>\n<p><span style=\"font-weight: 400;\">Mi esposo, Andr\u00e9s, es ingeniero civil de Monterrey y lleg\u00f3 a esta parte de M\u00e9xico en 2004. Con el tiempo, construy\u00f3 su propia empresa constructora, especializada en acabados de alta gama.\u00a0<\/span><\/p>\n<p><span style=\"font-weight: 400;\">Nos encantan los buenos proyectos y, en este terreno, planeamos construir un edificio de condominios. Contratamos arquitectos, solicitamos los permisos y avanzamos r\u00e1pidamente, aunque ambos ten\u00edamos reservas sobre la magnitud del proyecto y c\u00f3mo podr\u00eda afectar nuestro estilo de vida, nuestra familia y nuestros valores.<\/span><\/p>\n<p><span style=\"font-weight: 400;\">Despu\u00e9s, visitamos el Parque Nacional Tayrona en Colombia. Al dormir en bungalows rodeados de naturaleza, sentimos una paz innegable. Inspirados, dejamos de lado nuestros planes originales y dise\u00f1amos Villa Tayrona con la sostenibilidad, la naturaleza y la comunidad como pilares fundamentales. Ese viaje sigue siendo un recordatorio para hacer una pausa y mantener nuestros valores presentes. Esperamos que nuestra Villa Tayrona tambi\u00e9n se convierta en una fuente de inspiraci\u00f3n para ustedes.<\/span><\/p>","protected":false},"excerpt":{"rendered":"<p>INSPIRED BY TAYRONA A note from your host, Elly\u00a0 I am a Swiss-American and have been living in Bucer\u00edas since 2011. Here, I\u2019ve built a career in the field of community tourism, working to connect travelers with local artisans.\u00a0 My husband, Andr\u00e9s, is a civil engineer from Monterrey who arrived in this part of Mexico [&hellip;]<\/p>\n","protected":false},"author":24,"featured_media":199955,"comment_status":"closed","ping_status":"open","sticky":false,"template":"","format":"standard","meta":{"_acf_changed":false,"footnotes":""},"categories":[1],"tags":[],"class_list":["post-199954","post","type-post","status-publish","format-standard","has-post-thumbnail","hentry","category-uncategorized"],"acf":[],"_links":{"self":[{"href":"https:\/\/villatayrona.mx\/es\/wp-json\/wp\/v2\/posts\/199954","targetHints":{"allow":["GET"]}}],"collection":[{"href":"https:\/\/villatayrona.mx\/es\/wp-json\/wp\/v2\/posts"}],"about":[{"href":"https:\/\/villatayrona.mx\/es\/wp-json\/wp\/v2\/types\/post"}],"author":[{"embeddable":true,"href":"https:\/\/villatayrona.mx\/es\/wp-json\/wp\/v2\/users\/24"}],"replies":[{"embeddable":true,"href":"https:\/\/villatayrona.mx\/es\/wp-json\/wp\/v2\/comments?post=199954"}],"version-history":[{"count":2,"href":"https:\/\/villatayrona.mx\/es\/wp-json\/wp\/v2\/posts\/199954\/revisions"}],"predecessor-version":[{"id":200797,"href":"https:\/\/villatayrona.mx\/es\/wp-json\/wp\/v2\/posts\/199954\/revisions\/200797"}],"wp:featuredmedia":[{"embeddable":true,"href":"https:\/\/villatayrona.mx\/es\/wp-json\/wp\/v2\/media\/199955"}],"wp:attachment":[{"href":"https:\/\/villatayrona.mx\/es\/wp-json\/wp\/v2\/media?parent=199954"}],"wp:term":[{"taxonomy":"category","embeddable":true,"href":"https:\/\/villatayrona.mx\/es\/wp-json\/wp\/v2\/categories?post=199954"},{"taxonomy":"post_tag","embeddable":true,"href":"https:\/\/villatayrona.mx\/es\/wp-json\/wp\/v2\/tags?post=199954"}],"curies":[{"name":"wp","href":"https:\/\/api.w.org\/{rel}","templated":true}]}}