{"id":201144,"date":"2026-03-12T18:34:46","date_gmt":"2026-03-12T18:34:46","guid":{"rendered":"https:\/\/villatayrona.mx\/?p=201144"},"modified":"2026-03-12T19:43:30","modified_gmt":"2026-03-12T19:43:30","slug":"spring2026update","status":"publish","type":"post","link":"https:\/\/villatayrona.mx\/es\/spring2026update\/","title":{"rendered":"\u00bfQu\u00e9 est\u00e1 pasando en M\u00e9xico?"},"content":{"rendered":"<h2><strong>Contexto de los sucesos del 22 de febrero de 2026<\/strong><\/h2>\n<p><span style=\"font-weight: 400;\">Cuando recibes viajeros, aprendes que la hospitalidad va m\u00e1s all\u00e1 de un espacio bonito. Se trata de confianza. De vez en cuando, surgen momentos que te recuerdan lo importante que es esa confianza. El 22 de febrero de 2026 fue uno de esos momentos.<\/span><\/p>\n<h2><b>Qu\u00e9 pas\u00f3<\/b><\/h2>\n<p><span style=\"font-weight: 400;\">Como muchas personas que viven y trabajan en la regi\u00f3n, ese d\u00eda nos despertamos con titulares alarmantes. Las autoridades mexicanas hab\u00edan llevado a cabo una operaci\u00f3n de seguridad dirigida contra Nemesio Oseguera Cervantes, conocido como <em>El Mencho<\/em>, el l\u00edder del C\u00e1rtel Jalisco Nueva Generaci\u00f3n. <\/span><span style=\"font-weight: 400;\">En respuesta, los miembros del c\u00e1rtel llevaron a cabo bloqueos temporales de carreteras e incendios de veh\u00edculos en partes de Jalisco, incluidas \u00e1reas alrededor de Puerto Vallarta (aunque <\/span><b>no en Bucer\u00edas<\/b><span style=\"font-weight: 400;\">).<\/span><\/p>\n<p><span style=\"font-weight: 400;\">Estos incidentes fueron dise\u00f1ados para ser altamente visibles y disruptivos, atacando la infraestructura para lanzar un mensaje contundente. Algunas im\u00e1genes modificadas con inteligencia artificial que circularon en l\u00ednea exageraron significativamente la magnitud del caos y dramatizaron los titulares.<\/span><b> No hubo v\u00edctimas entre turistas ni civiles. <\/b><span style=\"font-weight: 400;\">en nuestra regi\u00f3n tur\u00edstica.<\/span><\/p>\n<p><span style=\"font-weight: 400;\">El 22 de febrero, las autoridades emitieron una recomendaci\u00f3n temporal de confinamiento domiciliario. El aeropuerto cerr\u00f3 y las carreteras y los negocios suspendieron sus operaciones, por lo que los residentes y visitantes simplemente se quedaron en sus casas. A la ma\u00f1ana siguiente, la mayor\u00eda de los bloqueos de carreteras hab\u00edan sido retirados y el aeropuerto reabri\u00f3 sus puertas.<strong> Para el 24 de febrero, el transporte y los negocios ya funcionaban con normalidad.<\/strong><\/span><\/p>\n<p><span style=\"font-weight: 400;\">En aproximadamente 48 horas, la vida cotidiana hab\u00eda vuelto en gran medida a la normalidad. Desde entonces, los restaurantes han permanecido llenos, las playas concurridas y el ritmo de vida en Bucer\u00edas contin\u00faa pr\u00e1cticamente igual que siempre. <\/span><b>No se han producido incidentes de seguridad adicionales.<\/b><span style=\"font-weight: 400;\">.<\/span><\/p>\n<p><span style=\"font-weight: 400;\">Hasta el momento, los sucesos del 22 de febrero se consideran un incidente de seguridad puntual, no una se\u00f1al de que la regi\u00f3n se haya vuelto m\u00e1s peligrosa para los visitantes. La probabilidad de verse afectado directamente por la violencia de los c\u00e1rteles como turista sigue siendo extremadamente baja.<\/span><\/p>\n<h2><b>C\u00f3mo afect\u00f3 esto a Villa Tayrona y a nuestros hu\u00e9spedes<\/b><\/h2>\n<p><span style=\"font-weight: 400;\">Una de las cosas que el 22 de febrero me reafirm\u00f3 fue lo extraordinario que es nuestro equipo. Ten\u00edamos hu\u00e9spedes alojados en Villa Tayrona mientras se desarrollaban estos acontecimientos. Nuestro personal permaneci\u00f3 en el lugar durante 36 horas, monitoreando la situaci\u00f3n, comunic\u00e1ndose con los hu\u00e9spedes y asegur\u00e1ndose de que todos se sintieran seguros y apoyados. Yo estaba<\/span><b> Nos sentimos profundamente orgullosos de la actitud serena y atenta con la que nuestro personal atendi\u00f3 a nuestros hu\u00e9spedes. <\/b><span style=\"font-weight: 400;\">Ese grupo de viajeros regres\u00f3 a casa el 24 de febrero y posteriormente dej\u00f3 una rese\u00f1a de 5 estrellas.<\/span><\/p>\n<p><span style=\"font-weight: 400;\">En los d\u00edas siguientes, experimentamos algunas cancelaciones y cambios de reserva. Como padres, entendemos que los viajeros deben tomar decisiones que consideren adecuadas para sus familias. Trabajamos con cada grupo de forma individualizada, fieles, como siempre, a nuestra filosof\u00eda de turismo responsable.\u00a0<\/span><\/p>\n<p>Desde principios de marzo, hemos estado recibiendo a los viajeros en la villa con total confianza. <strong>Despu\u00e9s de todo, esperamos una temporada tur\u00edstica normal.\u00a0<\/strong><\/p>\n<p><span style=\"font-weight: 400;\">Como resultado de esta experiencia, tenemos <\/span><b>Hemos actualizado nuestra pol\u00edtica de cancelaci\u00f3n.<\/b><span style=\"font-weight: 400;\">. Si incidentes de seguridad importantes o avisos gubernamentales afectan materialmente los viajes a la regi\u00f3n durante las fechas de reserva de un hu\u00e9sped, los hu\u00e9spedes pueden aplicar su dep\u00f3sito como cr\u00e9dito para fechas futuras (consulte los t\u00e9rminos completos). <\/span><a href=\"http:\/\/villatayrona.mx.\/terms\"><span style=\"font-weight: 400;\">aqu\u00ed<\/strong><\/span><\/a><span style=\"font-weight: 400;\">Nuestro objetivo es brindar flexibilidad y tranquilidad.<\/span><\/p>\n<h2><b>Planificando viajes para el futuro<\/b><\/h2>\n<p><span style=\"font-weight: 400;\">Actualmente hay <\/span><b>No existen advertencias oficiales desaconsejando viajar a Nayarit emitidas por las autoridades estadounidenses, canadienses o mexicanas.<\/b><span style=\"font-weight: 400;\">. Seg\u00fan las directrices m\u00e1s recientes del Departamento de Estado de EE. UU.:<\/span><\/p>\n<ul>\n<li style=\"font-weight: 400;\" aria-level=\"1\"><span style=\"font-weight: 400;\">Nayarit (donde se encuentra Bucer\u00edas) est\u00e1 en el Nivel 2: \u201cExtremar las precauciones\u201d.\u201d<\/span><\/li>\n<li style=\"font-weight: 400;\" aria-level=\"1\"><span style=\"font-weight: 400;\">Jalisco (donde se ubica el Aeropuerto Internacional Licenciado Gustavo D\u00edaz Ordaz, que da servicio a Puerto Vallarta) se encuentra en el Nivel 3, aunque el aviso especifica que no existen restricciones de viaje para el personal del gobierno estadounidense que viaje a Puerto Vallarta o al vecino corredor tur\u00edstico de Riviera Nayarit.<\/span><\/li>\n<\/ul>\n<p><span style=\"font-weight: 400;\">El gobierno canadiense emite directrices regionales similares. En otras palabras, los viajes a Bucer\u00edas, Puerto Vallarta y la regi\u00f3n circundante de Riviera Nayarit siguen siendo ampliamente accesibles y fluidos.<\/span><\/p>\n<h2><b>El panorama general<\/b><\/h2>\n<p><span style=\"font-weight: 400;\">Incidentes de este tipo son extremadamente raros en nuestro destino y, lo que es m\u00e1s importante, los hechos no iban dirigidos a visitantes ni a civiles. <\/span><span style=\"font-weight: 400;\">Si bien ning\u00fan lugar del mundo est\u00e1 completamente libre de eventos inesperados,<strong> El 22 de febrero se entiende generalmente como una interrupci\u00f3n a corto plazo, m\u00e1s que como una se\u00f1al de riesgo continuo para los viajeros.<\/strong><\/span><\/p>\n<p><span style=\"font-weight: 400;\">Los momentos de incertidumbre pueden surgir en cualquier lugar. Lo que m\u00e1s importa es c\u00f3mo responden las comunidades. Aqu\u00ed en Bucer\u00edas, lo que vi fue una comunidad que mantuvo la calma, se apoy\u00f3 mutuamente y r\u00e1pidamente recuper\u00f3 la sencilla alegr\u00eda de la vida cotidiana junto al mar.<\/span><\/p>\n<h2><b>Reflexiones finales<\/b><\/h2>\n<p>Es comprensible que movilizar a un grupo de personas para viajar a un pa\u00eds con mala reputaci\u00f3n por su delincuencia resulte abrumador. Como alguien que creci\u00f3 entre los Alpes suizos y un peque\u00f1o pueblo de Estados Unidos, mi marco de referencia para la seguridad podr\u00eda coincidir con el tuyo. Si te resulta \u00fatil llamarnos para hablar sobre tus preocupaciones con m\u00e1s detalle, simplemente env\u00edame una nota (a Elly).<strong>\u00a0Estoy aqu\u00ed para ayudar.<\/strong><\/p>","protected":false},"excerpt":{"rendered":"<p>Context Around the Events of February 22, 2026 When you host travelers, you learn that hospitality is about more than a beautiful space. It\u2019s about trust. Occasionally, moments arise that remind you just how important that trust is. February 22, 2026 was one of those moments. What Happened Like many people who live and work [&hellip;]<\/p>\n","protected":false},"author":24,"featured_media":200972,"comment_status":"closed","ping_status":"closed","sticky":false,"template":"","format":"standard","meta":{"_acf_changed":false,"footnotes":""},"categories":[1],"tags":[],"class_list":["post-201144","post","type-post","status-publish","format-standard","has-post-thumbnail","hentry","category-uncategorized"],"acf":[],"_links":{"self":[{"href":"https:\/\/villatayrona.mx\/es\/wp-json\/wp\/v2\/posts\/201144","targetHints":{"allow":["GET"]}}],"collection":[{"href":"https:\/\/villatayrona.mx\/es\/wp-json\/wp\/v2\/posts"}],"about":[{"href":"https:\/\/villatayrona.mx\/es\/wp-json\/wp\/v2\/types\/post"}],"author":[{"embeddable":true,"href":"https:\/\/villatayrona.mx\/es\/wp-json\/wp\/v2\/users\/24"}],"replies":[{"embeddable":true,"href":"https:\/\/villatayrona.mx\/es\/wp-json\/wp\/v2\/comments?post=201144"}],"version-history":[{"count":9,"href":"https:\/\/villatayrona.mx\/es\/wp-json\/wp\/v2\/posts\/201144\/revisions"}],"predecessor-version":[{"id":201153,"href":"https:\/\/villatayrona.mx\/es\/wp-json\/wp\/v2\/posts\/201144\/revisions\/201153"}],"wp:featuredmedia":[{"embeddable":true,"href":"https:\/\/villatayrona.mx\/es\/wp-json\/wp\/v2\/media\/200972"}],"wp:attachment":[{"href":"https:\/\/villatayrona.mx\/es\/wp-json\/wp\/v2\/media?parent=201144"}],"wp:term":[{"taxonomy":"category","embeddable":true,"href":"https:\/\/villatayrona.mx\/es\/wp-json\/wp\/v2\/categories?post=201144"},{"taxonomy":"post_tag","embeddable":true,"href":"https:\/\/villatayrona.mx\/es\/wp-json\/wp\/v2\/tags?post=201144"}],"curies":[{"name":"wp","href":"https:\/\/api.w.org\/{rel}","templated":true}]}}